{"id":1555,"date":"2021-02-20T06:25:00","date_gmt":"2021-02-20T05:25:00","guid":{"rendered":"http:\/\/athelitico.jobs-conseil.com\/?p=1555"},"modified":"2021-04-26T15:55:50","modified_gmt":"2021-04-26T13:55:50","slug":"andree-obame","status":"publish","type":"post","link":"http:\/\/athelitico.jobs-conseil.com\/index.php\/2021\/02\/20\/andree-obame\/","title":{"rendered":"Andr\u00e9e Obame"},"content":{"rendered":"<div class=\"kvgmc6g5 cxmmr5t8 oygrvhab hcukyx3x c1et5uql ii04i59q\">\n<div dir=\"auto\">Andr\u00e9e Obame, 14 ans,<\/div>\n<div dir=\"auto\">Est une footballeuse (attaquante) de grand talent, rep\u00e9r\u00e9e \u00e0 Lambar\u00e9n\u00e9 en mars 2020 lors d\u2019un amical, puis int\u00e9gr\u00e9 au Programme \u00ab Sportives \u00c9duqu\u00e9es \u00bb que nous avons lanc\u00e9 avec<\/p>\n<div class=\"nc684nl6\">Atl\u00e9tico Akanda<\/div>\n<p>.<\/p>\n<\/div>\n<\/div>\n<div class=\"o9v6fnle cxmmr5t8 oygrvhab hcukyx3x c1et5uql ii04i59q\">\n<div dir=\"auto\">Une nouvelle vie&#8230;<\/div>\n<\/div>\n<div class=\"o9v6fnle cxmmr5t8 oygrvhab hcukyx3x c1et5uql ii04i59q\">\n<div dir=\"auto\">Andr\u00e9e est orpheline de m\u00e8re depuis qu\u2019elle est enfant. Ayant tr\u00e8s t\u00f4t perdu sa maman, elle s\u2019est retrouv\u00e9e un peu sans rep\u00e8res, chez ses grands parents d\u00e9munis.<\/div>\n<\/div>\n<div class=\"o9v6fnle cxmmr5t8 oygrvhab hcukyx3x c1et5uql ii04i59q\">\n<div dir=\"auto\">Heureusement, il y a le foot dans sa vie !<\/div>\n<\/div>\n<div class=\"o9v6fnle cxmmr5t8 oygrvhab hcukyx3x c1et5uql ii04i59q\">\n<div dir=\"auto\">Le football, elle le joue depuis qu\u2019elle a 7 ans, avec ses amis, et elle r\u00eave de devenir footballeuse professionnelle.<\/div>\n<\/div>\n<div class=\"o9v6fnle cxmmr5t8 oygrvhab hcukyx3x c1et5uql ii04i59q\">\n<div dir=\"auto\">Son r\u00eave, c\u2019est le Bar\u00e7a !<\/div>\n<\/div>\n<div class=\"o9v6fnle cxmmr5t8 oygrvhab hcukyx3x c1et5uql ii04i59q\">\n<div dir=\"auto\">Mais avant d\u2019y arriver, et de jouer en Catalogne comme elle en r\u00eave, Andr\u00e9e avait besoin d\u2019aide pour continuer son parcours scolaire qui t\u00e2tonne depuis quelques ann\u00e9es. Car, par manque de moyens, et vivant avec ses grands-parents \u00e0 Lambar\u00e9n\u00e9, \u00ab le ph\u00e9nom\u00e8ne \u00bb Andr\u00e9e Aubame avait du mal \u00e0 joindre les deux bouts, et \u00e0 aller r\u00e9guli\u00e8rement \u00e0 l\u2019\u00e9cole.<\/div>\n<\/div>\n<div class=\"o9v6fnle cxmmr5t8 oygrvhab hcukyx3x c1et5uql ii04i59q\">\n<div dir=\"auto\">En ce d\u00e9but d\u2019ann\u00e9e scolaire, la jeune Andr\u00e9e Obame a rejoint notre notre club et le Programme \u201csportives \u00e9duqu\u00e9es\u201d lanc\u00e9e en septembre. Elle a d\u00e9sormais une nouvelle tutrice, et sa scolarit\u00e9 dans l\u2019Estuaire au Lyc\u00e9e Lubin Martial Ntountoume devrait pouvoir lui permettre de s\u2019\u00e9panouir et de caresser son r\u00eave d\u2019ici l\u00e0 que le foot reprenne.<\/div>\n<\/div>\n<div class=\"o9v6fnle cxmmr5t8 oygrvhab hcukyx3x c1et5uql ii04i59q\">\n<div dir=\"auto\">Merci au proviseur du Lyc\u00e9e de Ntoum, aux enseignants et \u00e0 Mme B\u00e9rang\u00e8re Minang, Directrice Provinciale des Sports pour leur apport particulier ! <span class=\"pq6dq46d tbxw36s4 knj5qynh kvgmc6g5 ditlmg2l oygrvhab nvdbi5me sf5mxxl7 gl3lb2sf hhz5lgdu\"><img loading=\"lazy\" src=\"https:\/\/static.xx.fbcdn.net\/images\/emoji.php\/v9\/t9c\/1\/16\/270a_1f3fd.png\" alt=\"\u270a\ud83c\udffd\" width=\"16\" height=\"16\"><\/span><span class=\"pq6dq46d tbxw36s4 knj5qynh kvgmc6g5 ditlmg2l oygrvhab nvdbi5me sf5mxxl7 gl3lb2sf hhz5lgdu\"><img loading=\"lazy\" src=\"https:\/\/static.xx.fbcdn.net\/images\/emoji.php\/v9\/te7\/1\/16\/1f4aa_1f3fb.png\" alt=\"\ud83d\udcaa\ud83c\udffb\" width=\"16\" height=\"16\"><\/span> <a class=\"oajrlxb2 g5ia77u1 qu0x051f esr5mh6w e9989ue4 r7d6kgcz rq0escxv nhd2j8a9 nc684nl6 p7hjln8o kvgmc6g5 cxmmr5t8 oygrvhab hcukyx3x jb3vyjys rz4wbd8a qt6c0cv9 a8nywdso i1ao9s8h esuyzwwr f1sip0of lzcic4wl q66pz984 gpro0wi8 b1v8xokw\" tabindex=\"0\" role=\"link\" href=\"https:\/\/www.facebook.com\/hashtag\/weareakanda?__eep__=6&amp;__cft__[0]=AZWeikBkgb3Ul_52L2uDIormBqwPsk4QQQ_tP9YmLs7YPfTvcPoJxEXR3soksFAhBlsjL919DRmRYYONIohz8gmB1vnugN0D6c43aXN-l2OUbEp9fe3QgYmD69G9pXw9F2xNYqKkPmE_S8cNPREbkNOZJBa0TIookhgWcBcoMuxFNA&amp;__tn__=*NK-y-R\">#WeAreAkanda<\/a><\/div>\n<\/div>\n<div class=\"o9v6fnle cxmmr5t8 oygrvhab hcukyx3x c1et5uql ii04i59q\">\n<div dir=\"auto\"><a class=\"oajrlxb2 g5ia77u1 qu0x051f esr5mh6w e9989ue4 r7d6kgcz rq0escxv nhd2j8a9 nc684nl6 p7hjln8o kvgmc6g5 cxmmr5t8 oygrvhab hcukyx3x jb3vyjys rz4wbd8a qt6c0cv9 a8nywdso i1ao9s8h esuyzwwr f1sip0of lzcic4wl q66pz984 gpro0wi8 b1v8xokw\" tabindex=\"0\" role=\"link\" href=\"https:\/\/www.facebook.com\/hashtag\/fkm?__eep__=6&amp;__cft__[0]=AZWeikBkgb3Ul_52L2uDIormBqwPsk4QQQ_tP9YmLs7YPfTvcPoJxEXR3soksFAhBlsjL919DRmRYYONIohz8gmB1vnugN0D6c43aXN-l2OUbEp9fe3QgYmD69G9pXw9F2xNYqKkPmE_S8cNPREbkNOZJBa0TIookhgWcBcoMuxFNA&amp;__tn__=*NK-y-R\">#FKM<\/a> <a class=\"oajrlxb2 g5ia77u1 qu0x051f esr5mh6w e9989ue4 r7d6kgcz rq0escxv nhd2j8a9 nc684nl6 p7hjln8o kvgmc6g5 cxmmr5t8 oygrvhab hcukyx3x jb3vyjys rz4wbd8a qt6c0cv9 a8nywdso i1ao9s8h esuyzwwr f1sip0of lzcic4wl q66pz984 gpro0wi8 b1v8xokw\" tabindex=\"0\" role=\"link\" href=\"https:\/\/www.facebook.com\/hashtag\/gabon?__eep__=6&amp;__cft__[0]=AZWeikBkgb3Ul_52L2uDIormBqwPsk4QQQ_tP9YmLs7YPfTvcPoJxEXR3soksFAhBlsjL919DRmRYYONIohz8gmB1vnugN0D6c43aXN-l2OUbEp9fe3QgYmD69G9pXw9F2xNYqKkPmE_S8cNPREbkNOZJBa0TIookhgWcBcoMuxFNA&amp;__tn__=*NK-y-R\">#Gabon<\/a><\/div>\n<div dir=\"auto\">\n<div class=\"nc684nl6\">Fondation<\/div>\n<p>Lucie Milebou Aubusson<\/p>\n<\/div>\n<div dir=\"auto\">\n<div class=\"nc684nl6\">Sylvia Bongo Ondimba<\/div>\n<\/div>\n<\/div>\n","protected":false},"excerpt":{"rendered":"<p>Andr\u00e9e Obame, 14 ans, Est une footballeuse (attaquante) de grand talent, rep\u00e9r\u00e9e \u00e0 Lambar\u00e9n\u00e9 en mars 2020 lors d\u2019un amical, puis int\u00e9gr\u00e9 au Programme \u00ab Sportives \u00c9duqu\u00e9es \u00bb que nous avons lanc\u00e9 avec Atl\u00e9tico Akanda . Une nouvelle vie&#8230; Andr\u00e9e est orpheline de m\u00e8re depuis qu\u2019elle est enfant. Ayant tr\u00e8s t\u00f4t perdu sa maman, elle [&hellip;]<\/p>\n","protected":false},"author":1,"featured_media":2104,"comment_status":"open","ping_status":"open","sticky":false,"template":"","format":"standard","meta":{"_monsterinsights_skip_tracking":false,"_monsterinsights_sitenote_active":false,"_monsterinsights_sitenote_note":"","_monsterinsights_sitenote_category":0},"categories":[61],"tags":[],"_links":{"self":[{"href":"http:\/\/athelitico.jobs-conseil.com\/index.php\/wp-json\/wp\/v2\/posts\/1555"}],"collection":[{"href":"http:\/\/athelitico.jobs-conseil.com\/index.php\/wp-json\/wp\/v2\/posts"}],"about":[{"href":"http:\/\/athelitico.jobs-conseil.com\/index.php\/wp-json\/wp\/v2\/types\/post"}],"author":[{"embeddable":true,"href":"http:\/\/athelitico.jobs-conseil.com\/index.php\/wp-json\/wp\/v2\/users\/1"}],"replies":[{"embeddable":true,"href":"http:\/\/athelitico.jobs-conseil.com\/index.php\/wp-json\/wp\/v2\/comments?post=1555"}],"version-history":[{"count":2,"href":"http:\/\/athelitico.jobs-conseil.com\/index.php\/wp-json\/wp\/v2\/posts\/1555\/revisions"}],"predecessor-version":[{"id":2106,"href":"http:\/\/athelitico.jobs-conseil.com\/index.php\/wp-json\/wp\/v2\/posts\/1555\/revisions\/2106"}],"wp:featuredmedia":[{"embeddable":true,"href":"http:\/\/athelitico.jobs-conseil.com\/index.php\/wp-json\/wp\/v2\/media\/2104"}],"wp:attachment":[{"href":"http:\/\/athelitico.jobs-conseil.com\/index.php\/wp-json\/wp\/v2\/media?parent=1555"}],"wp:term":[{"taxonomy":"category","embeddable":true,"href":"http:\/\/athelitico.jobs-conseil.com\/index.php\/wp-json\/wp\/v2\/categories?post=1555"},{"taxonomy":"post_tag","embeddable":true,"href":"http:\/\/athelitico.jobs-conseil.com\/index.php\/wp-json\/wp\/v2\/tags?post=1555"}],"curies":[{"name":"wp","href":"https:\/\/api.w.org\/{rel}","templated":true}]}}