{"id":1557,"date":"2021-01-24T06:26:00","date_gmt":"2021-01-24T05:26:00","guid":{"rendered":"http:\/\/athelitico.jobs-conseil.com\/?p=1557"},"modified":"2021-04-26T16:16:06","modified_gmt":"2021-04-26T14:16:06","slug":"player-gallery-7","status":"publish","type":"post","link":"http:\/\/athelitico.jobs-conseil.com\/index.php\/2021\/01\/24\/player-gallery-7\/","title":{"rendered":"Journ\u00e9e internationale du sport f\u00e9minin"},"content":{"rendered":"<div class=\"kvgmc6g5 cxmmr5t8 oygrvhab hcukyx3x c1et5uql ii04i59q\">\n<div dir=\"auto\">Journ\u00e9e internationale du sport f\u00e9minin : \u00ab laissons le machisme et les in\u00e9galit\u00e9s aux vestiaires \u00bb (Freddhy Koula, pr\u00e9sident Atl\u00e9tico Akanda).<\/div>\n<div dir=\"auto\"><\/div>\n<\/div>\n<div class=\"o9v6fnle cxmmr5t8 oygrvhab hcukyx3x c1et5uql ii04i59q\">\n<div dir=\"auto\">A l&rsquo;occasion de la journ\u00e9e internationale du sport f\u00e9minin c\u00e9l\u00e9br\u00e9e ce 24 janvier, il est important de de s\u2019interroger sur la place des femmes dans le sport gabonais pour plus d&rsquo;\u00e9galit\u00e9 entre les femmes et les hommes dans ce domaine qui n\u00e9cessite un inversement collectif.<\/div>\n<div dir=\"auto\"><\/div>\n<\/div>\n<div class=\"o9v6fnle cxmmr5t8 oygrvhab hcukyx3x c1et5uql ii04i59q\">\n<div dir=\"auto\">Depuis un an, notre association Atl\u00e9tico Akanda s\u2019est engag\u00e9 pour plus d\u2019\u00e9galit\u00e9 entre les femmes et les hommes dans le football.<\/div>\n<div dir=\"auto\"><\/div>\n<div dir=\"auto\">Elle m\u00e8ne ainsi de nombreuses actions au sein de la commune mais aussi aupr\u00e8s des habitant.e.s, en mati\u00e8re vulgarisation du football f\u00e9minin, d\u2019action sociale, d\u2019\u00e9ducation avec le Programme Sportives \u00c9duqu\u00e9es \u2026<\/div>\n<div dir=\"auto\"><\/div>\n<\/div>\n<div class=\"o9v6fnle cxmmr5t8 oygrvhab hcukyx3x c1et5uql ii04i59q\">\n<div dir=\"auto\">Aujourd\u2019hui, plus que jamais, il est temps de s\u2019interroger sur la place des femmes dans le sport au Gabon. On esp\u00e8re compter sur l\u2019implication tr\u00e8s prochaine de la<\/p>\n<div class=\"nc684nl6\">Fondation Sylvia Bongo Ondimba pour la Famille<\/div>\n<p><span class=\"pq6dq46d tbxw36s4 knj5qynh kvgmc6g5 ditlmg2l oygrvhab nvdbi5me sf5mxxl7 gl3lb2sf hhz5lgdu\"><img loading=\"lazy\" src=\"https:\/\/static.xx.fbcdn.net\/images\/emoji.php\/v9\/te5\/1\/16\/1f91e.png\" alt=\"\ud83e\udd1e\" width=\"16\" height=\"16\" \/><\/span><\/div>\n<\/div>\n<div class=\"o9v6fnle cxmmr5t8 oygrvhab hcukyx3x c1et5uql ii04i59q\">\n<div dir=\"auto\">Si vous soutenez le Sport f\u00e9minin, PARTAGEZ ce Message !<\/div>\n<\/div>\n<div class=\"o9v6fnle cxmmr5t8 oygrvhab hcukyx3x c1et5uql ii04i59q\">\n<div dir=\"auto\"><a class=\"oajrlxb2 g5ia77u1 qu0x051f esr5mh6w e9989ue4 r7d6kgcz rq0escxv nhd2j8a9 nc684nl6 p7hjln8o kvgmc6g5 cxmmr5t8 oygrvhab hcukyx3x jb3vyjys rz4wbd8a qt6c0cv9 a8nywdso i1ao9s8h esuyzwwr f1sip0of lzcic4wl q66pz984 gpro0wi8 b1v8xokw\" tabindex=\"0\" role=\"link\" href=\"https:\/\/www.facebook.com\/hashtag\/weareakanda?__eep__=6&amp;__cft__[0]=AZV_lZG7QzC0q71t2BSX7pWNEtTxTcERYjQF2iWbm2krW1bmh1OjakJPbrY4OgVX3K47h4oNp_1iBISRvDKeCCSLgZA1k0YD2bUiWFbQbhmM82SON9IWqZkEb3-CkWU7UHye2KjR17eDFhvxudVfY-7X&amp;__tn__=*NK-R\">#weareakanda<\/a> <a class=\"oajrlxb2 g5ia77u1 qu0x051f esr5mh6w e9989ue4 r7d6kgcz rq0escxv nhd2j8a9 nc684nl6 p7hjln8o kvgmc6g5 cxmmr5t8 oygrvhab hcukyx3x jb3vyjys rz4wbd8a qt6c0cv9 a8nywdso i1ao9s8h esuyzwwr f1sip0of lzcic4wl q66pz984 gpro0wi8 b1v8xokw\" tabindex=\"0\" role=\"link\" href=\"https:\/\/www.facebook.com\/hashtag\/jmsf?__eep__=6&amp;__cft__[0]=AZV_lZG7QzC0q71t2BSX7pWNEtTxTcERYjQF2iWbm2krW1bmh1OjakJPbrY4OgVX3K47h4oNp_1iBISRvDKeCCSLgZA1k0YD2bUiWFbQbhmM82SON9IWqZkEb3-CkWU7UHye2KjR17eDFhvxudVfY-7X&amp;__tn__=*NK-R\">#JMSF<\/a> <a class=\"oajrlxb2 g5ia77u1 qu0x051f esr5mh6w e9989ue4 r7d6kgcz rq0escxv nhd2j8a9 nc684nl6 p7hjln8o kvgmc6g5 cxmmr5t8 oygrvhab hcukyx3x jb3vyjys rz4wbd8a qt6c0cv9 a8nywdso i1ao9s8h esuyzwwr f1sip0of lzcic4wl q66pz984 gpro0wi8 b1v8xokw\" tabindex=\"0\" role=\"link\" href=\"https:\/\/www.facebook.com\/hashtag\/journeeinternationalesportfeminin?__eep__=6&amp;__cft__[0]=AZV_lZG7QzC0q71t2BSX7pWNEtTxTcERYjQF2iWbm2krW1bmh1OjakJPbrY4OgVX3K47h4oNp_1iBISRvDKeCCSLgZA1k0YD2bUiWFbQbhmM82SON9IWqZkEb3-CkWU7UHye2KjR17eDFhvxudVfY-7X&amp;__tn__=*NK-R\">#journeeinternationalesportfeminin<\/a><\/div>\n<div dir=\"auto\"><a class=\"oajrlxb2 g5ia77u1 qu0x051f esr5mh6w e9989ue4 r7d6kgcz rq0escxv nhd2j8a9 nc684nl6 p7hjln8o kvgmc6g5 cxmmr5t8 oygrvhab hcukyx3x jb3vyjys rz4wbd8a qt6c0cv9 a8nywdso i1ao9s8h esuyzwwr f1sip0of lzcic4wl q66pz984 gpro0wi8 b1v8xokw\" tabindex=\"0\" role=\"link\" href=\"https:\/\/www.facebook.com\/hashtag\/gabon?__eep__=6&amp;__cft__[0]=AZV_lZG7QzC0q71t2BSX7pWNEtTxTcERYjQF2iWbm2krW1bmh1OjakJPbrY4OgVX3K47h4oNp_1iBISRvDKeCCSLgZA1k0YD2bUiWFbQbhmM82SON9IWqZkEb3-CkWU7UHye2KjR17eDFhvxudVfY-7X&amp;__tn__=*NK-R\">#Gabon<\/a><\/div>\n<\/div>\n","protected":false},"excerpt":{"rendered":"<p>Journ\u00e9e internationale du sport f\u00e9minin : \u00ab laissons le machisme et les in\u00e9galit\u00e9s aux vestiaires \u00bb (Freddhy Koula, pr\u00e9sident Atl\u00e9tico Akanda). A l&rsquo;occasion de la journ\u00e9e internationale du sport f\u00e9minin c\u00e9l\u00e9br\u00e9e ce 24 janvier, il est important de de s\u2019interroger sur la place des femmes dans le sport gabonais pour plus d&rsquo;\u00e9galit\u00e9 entre les femmes [&hellip;]<\/p>\n","protected":false},"author":1,"featured_media":2117,"comment_status":"open","ping_status":"open","sticky":false,"template":"","format":"standard","meta":{"_monsterinsights_skip_tracking":false,"_monsterinsights_sitenote_active":false,"_monsterinsights_sitenote_note":"","_monsterinsights_sitenote_category":0},"categories":[61],"tags":[],"_links":{"self":[{"href":"http:\/\/athelitico.jobs-conseil.com\/index.php\/wp-json\/wp\/v2\/posts\/1557"}],"collection":[{"href":"http:\/\/athelitico.jobs-conseil.com\/index.php\/wp-json\/wp\/v2\/posts"}],"about":[{"href":"http:\/\/athelitico.jobs-conseil.com\/index.php\/wp-json\/wp\/v2\/types\/post"}],"author":[{"embeddable":true,"href":"http:\/\/athelitico.jobs-conseil.com\/index.php\/wp-json\/wp\/v2\/users\/1"}],"replies":[{"embeddable":true,"href":"http:\/\/athelitico.jobs-conseil.com\/index.php\/wp-json\/wp\/v2\/comments?post=1557"}],"version-history":[{"count":1,"href":"http:\/\/athelitico.jobs-conseil.com\/index.php\/wp-json\/wp\/v2\/posts\/1557\/revisions"}],"predecessor-version":[{"id":2119,"href":"http:\/\/athelitico.jobs-conseil.com\/index.php\/wp-json\/wp\/v2\/posts\/1557\/revisions\/2119"}],"wp:featuredmedia":[{"embeddable":true,"href":"http:\/\/athelitico.jobs-conseil.com\/index.php\/wp-json\/wp\/v2\/media\/2117"}],"wp:attachment":[{"href":"http:\/\/athelitico.jobs-conseil.com\/index.php\/wp-json\/wp\/v2\/media?parent=1557"}],"wp:term":[{"taxonomy":"category","embeddable":true,"href":"http:\/\/athelitico.jobs-conseil.com\/index.php\/wp-json\/wp\/v2\/categories?post=1557"},{"taxonomy":"post_tag","embeddable":true,"href":"http:\/\/athelitico.jobs-conseil.com\/index.php\/wp-json\/wp\/v2\/tags?post=1557"}],"curies":[{"name":"wp","href":"https:\/\/api.w.org\/{rel}","templated":true}]}}